{"id":2802,"date":"2025-10-19T07:12:53","date_gmt":"2025-10-19T05:12:53","guid":{"rendered":"https:\/\/fr.alislaam.com\/?p=2802"},"modified":"2025-10-26T07:18:02","modified_gmt":"2025-10-26T05:18:02","slug":"hazrat-abu-bakr-radhiyallahu-anhu-et-la-crainte-de-dieu-tout-puissant","status":"publish","type":"post","link":"https:\/\/fr.alislaam.com\/?p=2802","title":{"rendered":"Hazrat Abu Bakr (radhiyallahu \u2018anhu) et la crainte de Dieu Tout-Puissant"},"content":{"rendered":"<p>C&#8217;est la croyance des Ahlus Sunnah wal Jamaa&#8217;ah que parmi tous les gens du monde, Hazrat Abu Bakr Siddeeq (radhiyallahu \u2018anhu) qu&#8217;il d\u00e9tient le rang le plus \u00e9lev\u00e9 apr\u00e8s le rang d&#8217;Ambiyaa (alaihimus salaam).<\/p>\n<p>Il n&#8217;y a absolument aucun doute que Hazrat Abu Bakr (radhiyallahu \u2018anhu) fait partie des gens du Paradis, car le Messager d&#8217;Allah (sallallahu \u2018alaihi wasallam) lui-m\u00eame lui a donn\u00e9 la bonne nouvelle du Paradis dans ce monde.<\/p>\n<p>En effet, le Proph\u00e8te (sallallahu \u2018alaihi wasallam) lui annon\u00e7a la bonne nouvelle qu&#8217;il serait le chef d&#8217;un groupe de personnes au Paradis, et il lui annon\u00e7a \u00e9galement que son nom serait invoqu\u00e9 de toutes les portes du Paradis. Le Proph\u00e8te (sallallahu \u2018alaihi wasallam) dit: \u00ab Le premier de ma communaut\u00e9 \u00e0 entrer au Paradis sera Abou Bakr. \u00bb<\/p>\n<p>Malgr\u00e9 toutes ces vertus, Hazrat Abu Bakr avait l&#8217;habitude de dire: \u00ab J&#8217;aimerais \u00eatre un arbre qui serait coup\u00e9 et d\u00e9truit&#8230; \u00bb<\/p>\n<p>Parfois, il disait: \u00ab J&#8217;aimerais \u00eatre un brin d&#8217;herbe, dont la vie prendrait fin avec le broutage d&#8217;un animal. \u00bb<\/p>\n<p>D&#8217;autres fois, il disait: \u00ab J&#8217;aimerais \u00eatre une m\u00e8che de cheveux sur le corps d&#8217;un mu&#8217;min&#8230;\u00bb<\/p>\n<p>Un jour, Hazrat Abu Bakr se rendit dans un jardin o\u00f9 il vit un oiseau. Il soupira profond\u00e9ment et dit: \u00ab \u00d4 oiseau! Quelle chance tu as! Tu manges, tu bois et tu voles \u00e0 l&#8217;ombre des arbres, et tu n&#8217;auras pas \u00e0 rendre de comptes le Jour de la Qiyamah ! Si seulement Abu Bakr \u00e9tait comme toi!\u00bb<\/p>\n<p>Hazrat Rabi&#8217;ah Aslami (radhiyallahu \u2018anhu) raconte:<\/p>\n<p>Un jour, j&#8217;ai eu une dispute avec Hazrat Abu Bakr, au cours de laquelle il a prononc\u00e9 un mot que je n&#8217;ai pas aim\u00e9. Il s&#8217;en est rendu compte imm\u00e9diatement et m&#8217;a dit: \u00ab Fr\u00e8re, s&#8217;il te pla\u00eet, r\u00e9p\u00e8te-moi ce mot en repr\u00e9sailles. \u00bb<\/p>\n<p>J&#8217;ai refus\u00e9 de le faire, sur quoi Hazrat Abu Bakr (radhiyallahu \u2018anhu) a dit: \u00ab Soit tu me dis ces mots, soit j&#8217;irai voir le Messager d&#8217;Allah (sallallahu \u2018alaihi wasallam) et je lui en parlerai. \u00bb Cependant, j&#8217;ai toujours refus\u00e9 de prononcer ces mots, apr\u00e8s quoi il s&#8217;est lev\u00e9 et m&#8217;a quitt\u00e9.<\/p>\n<p>Quelques membres du clan Banu Aslam arriv\u00e8rent alors et dirent: \u00ab Comme c&#8217;est \u00e9trange ! La personne qui a commis une erreur mentionne qu&#8217;elle ira s&#8217;en plaindre aupr\u00e8s du Proph\u00e8te ! \u00bb<\/p>\n<p>J&#8217;ai dit : \u00ab Savez-vous qui est cet homme? C&#8217;est Abou Bakr (radhiyallahu \u2018anhu)! S&#8217;il est m\u00e9content, alors le bien-aim\u00e9 d&#8217;Allah, le B\u00e9ni et le Tr\u00e8s-Haut, le Messager d&#8217;Allah (sallallahu \u2018alaihi wasallam), le sera \u00e9galement. Et si le Messager d&#8217;Allah (sallallahu \u2018alaihi wasallam) est m\u00e9content, alors Allah, le B\u00e9ni et le Tr\u00e8s-Haut, le sera \u00e9galement. Dans ce cas, qui doute que Rabi&#8217;ah soit ruin\u00e9e?\u00bb<\/p>\n<p>Ensuite, je suis all\u00e9 voir le Proph\u00e8te (sallallahu \u2018alaihi wasallam) et je lui ai racont\u00e9 toute l&#8217;histoire. Il m&#8217;a dit : \u00ab Tu as eu raison de refuser de prononcer ce mot devant Abou Bakr, mais tu aurais pu r\u00e9pondre ceci: &#8220;\u00d4 Abou Bakr! Qu&#8217;Allah te pardonne!&#8221; \u00bb<\/p>\n<p>Regardez la crainte d&#8217;Allah Ta&#8217;ala chez Hazrat Abu Bakr. Il est si soucieux d&#8217;effacer ses comptes dans ce monde que d\u00e8s qu&#8217;il prononce un mot l\u00e9g\u00e8rement d\u00e9sagr\u00e9able \u00e0 quelqu&#8217;un, il le regrette imm\u00e9diatement et s&#8217;en inqui\u00e8te grandement, au point de lui demander de lui r\u00e9pondre en repr\u00e9sailles. Il est si exigeant \u00e0 ce sujet qu&#8217;il souhaite m\u00eame que les repr\u00e9sailles soient faites par l&#8217;intervention du Messager d&#8217;Allah (sallallahu alayhi wasallam)<\/p>\n<p>Nous avons l&#8217;habitude de dire des mots offensants aux autres tout le temps, mais nous ne craignons ni le ch\u00e2timent ni les comptes dans l&#8217;au-del\u00e0.<\/p>\n<p>(Fazaaa&#8217;il-e-A&#8217;maal [anglais] p. 39-40, [ourdou] p. 30-31)<\/p>\n","protected":false},"excerpt":{"rendered":"<p>C&#8217;est la croyance des Ahlus Sunnah wal Jamaa&#8217;ah que parmi tous les gens du monde, Hazrat Abu Bakr Siddeeq (radhiyallahu \u2018anhu) qu&#8217;il d\u00e9tient le rang le plus \u00e9lev\u00e9 apr\u00e8s le rang d&#8217;Ambiyaa (alaihimus salaam). Il n&#8217;y a absolument aucun doute que Hazrat Abu Bakr (radhiyallahu \u2018anhu) fait partie des gens du Paradis, car le Messager &hellip;<\/p>\n","protected":false},"author":3,"featured_media":2395,"comment_status":"closed","ping_status":"open","sticky":false,"template":"","format":"standard","meta":{"footnotes":""},"categories":[34],"tags":[],"class_list":["post-2802","post","type-post","status-publish","format-standard","has-post-thumbnail","","category-taleem"],"_links":{"self":[{"href":"https:\/\/fr.alislaam.com\/index.php?rest_route=\/wp\/v2\/posts\/2802","targetHints":{"allow":["GET"]}}],"collection":[{"href":"https:\/\/fr.alislaam.com\/index.php?rest_route=\/wp\/v2\/posts"}],"about":[{"href":"https:\/\/fr.alislaam.com\/index.php?rest_route=\/wp\/v2\/types\/post"}],"author":[{"embeddable":true,"href":"https:\/\/fr.alislaam.com\/index.php?rest_route=\/wp\/v2\/users\/3"}],"replies":[{"embeddable":true,"href":"https:\/\/fr.alislaam.com\/index.php?rest_route=%2Fwp%2Fv2%2Fcomments&post=2802"}],"version-history":[{"count":1,"href":"https:\/\/fr.alislaam.com\/index.php?rest_route=\/wp\/v2\/posts\/2802\/revisions"}],"predecessor-version":[{"id":2805,"href":"https:\/\/fr.alislaam.com\/index.php?rest_route=\/wp\/v2\/posts\/2802\/revisions\/2805"}],"wp:featuredmedia":[{"embeddable":true,"href":"https:\/\/fr.alislaam.com\/index.php?rest_route=\/wp\/v2\/media\/2395"}],"wp:attachment":[{"href":"https:\/\/fr.alislaam.com\/index.php?rest_route=%2Fwp%2Fv2%2Fmedia&parent=2802"}],"wp:term":[{"taxonomy":"category","embeddable":true,"href":"https:\/\/fr.alislaam.com\/index.php?rest_route=%2Fwp%2Fv2%2Fcategories&post=2802"},{"taxonomy":"post_tag","embeddable":true,"href":"https:\/\/fr.alislaam.com\/index.php?rest_route=%2Fwp%2Fv2%2Ftags&post=2802"}],"curies":[{"name":"wp","href":"https:\/\/api.w.org\/{rel}","templated":true}]}}