{"id":2842,"date":"2025-12-11T17:02:41","date_gmt":"2025-12-11T15:02:41","guid":{"rendered":"https:\/\/fr.alislaam.com\/?p=2842"},"modified":"2025-12-11T17:02:41","modified_gmt":"2025-12-11T15:02:41","slug":"reciter-durood-dans-un-rassemblement","status":"publish","type":"post","link":"https:\/\/fr.alislaam.com\/?p=2842","title":{"rendered":"R\u00e9citer Durood Dans Un Rassemblement"},"content":{"rendered":"<p class=\"\" dir=\"RTL\" style=\"text-align: center; font-family: 'Traditional Arabic'; font-size: 16pt;\">\u0639\u0646 \u0627\u0628\u0646 \u0639\u0645\u0631 \u0631\u0636\u064a \u0627\u0644\u0644\u0647 \u0639\u0646\u0647\u0645\u0627 \u0642\u0627\u0644 \u0642\u0627\u0644 \u0631\u0633\u0648\u0644 \u0627\u0644\u0644\u0647 \u0635\u0644\u0649 \u0627\u0644\u0644\u0647 \u0639\u0644\u064a\u0647 \u0648\u0633\u0644\u0645 \u0632\u064a\u0646\u0648\u0627 \u0645\u062c\u0627\u0644\u0633\u0643\u0645 \u0628\u0627\u0644\u0635\u0644\u0627\u0629 \u0639\u0644\u064a \u0641\u0625\u0646 \u0635\u0644\u0627\u062a\u0643\u0645 \u0639\u0644\u064a \u0646\u0648\u0631 \u0644\u0643\u0645 \u064a\u0648\u0645 \u0627\u0644\u0642\u064a\u0627\u0645\u0629 (\u0627\u0644\u0641\u0631\u062f\u0648\u0633 \u0628\u0645\u0623\u062b\u0648\u0631 \u0627\u0644\u062e\u0637\u0627\u0628\u060c \u0627\u0644\u0631\u0642\u0645: \u0663\u0663\u0663\u0660\u060c \u0648\u0625\u0633\u0646\u0627\u062f\u0647 \u0636\u0639\u064a\u0641 \u0643\u0645\u0627 \u0641\u064a \u0627\u0644\u0642\u0648\u0644 \u0627\u0644\u0628\u062f\u064a\u0639 \u0635\u0640 278)<\/p>\n<p style=\"text-align: center;\"><em>Hazrat Abdullah bin Umar (radiyallahu&#8217;anhu) rapporte que Hazrat Rasulullah (sallallahu alayhi wasallam) a dit : \u00ab Embellissez vos rassemblements en r\u00e9citant Durood sur moi, car votre Durood sur moi sera un noor pour vous le jour de Qiyamah.<\/em><\/p>\n<p><strong>Acqu\u00e9rir le pardon gr\u00e2ce \u00e0 \u00c9crire Durood<\/strong><\/p>\n<p>Hazrat Ibnu Abi Sulaimaan (radiyallahu&#8217;anhu) mentionne :J&#8217;ai vu mon p\u00e8re dans un r\u00eave apr\u00e8s sa disparition. J&#8217;ai demand\u00e9 : \u00ab Comment Allah Ta&#8217;ala s&#8217;occupe de toi ? \u00bb Il r\u00e9pondit : \u00ab Allah Ta&#8217;ala a pardonn\u00e9 &#8221; J&#8217;ai demand\u00e9 : &#8221; En raison de quel acte vous a-t-il pardonn\u00e9 ? &#8221; Il a r\u00e9pondu : &#8221; J&#8217;avais l&#8217;habitude d&#8217;\u00e9crire Durood apr\u00e8s le nom de Rasulullah (sallallahu alayhi wasallam) dans chaque Hadith. &#8221; <em>(Jilaaul Afhaam Pg. 411)<\/em><\/p>\n","protected":false},"excerpt":{"rendered":"<p>\u0639\u0646 \u0627\u0628\u0646 \u0639\u0645\u0631 \u0631\u0636\u064a \u0627\u0644\u0644\u0647 \u0639\u0646\u0647\u0645\u0627 \u0642\u0627\u0644 \u0642\u0627\u0644 \u0631\u0633\u0648\u0644 \u0627\u0644\u0644\u0647 \u0635\u0644\u0649 \u0627\u0644\u0644\u0647 \u0639\u0644\u064a\u0647 \u0648\u0633\u0644\u0645 \u0632\u064a\u0646\u0648\u0627 \u0645\u062c\u0627\u0644\u0633\u0643\u0645 \u0628\u0627\u0644\u0635\u0644\u0627\u0629 \u0639\u0644\u064a \u0641\u0625\u0646 \u0635\u0644\u0627\u062a\u0643\u0645 \u0639\u0644\u064a \u0646\u0648\u0631 \u0644\u0643\u0645 \u064a\u0648\u0645 \u0627\u0644\u0642\u064a\u0627\u0645\u0629 (\u0627\u0644\u0641\u0631\u062f\u0648\u0633 \u0628\u0645\u0623\u062b\u0648\u0631 \u0627\u0644\u062e\u0637\u0627\u0628\u060c \u0627\u0644\u0631\u0642\u0645: \u0663\u0663\u0663\u0660\u060c \u0648\u0625\u0633\u0646\u0627\u062f\u0647 \u0636\u0639\u064a\u0641 \u0643\u0645\u0627 \u0641\u064a \u0627\u0644\u0642\u0648\u0644 \u0627\u0644\u0628\u062f\u064a\u0639 \u0635\u0640 278) Hazrat Abdullah bin Umar (radiyallahu&#8217;anhu) rapporte que Hazrat Rasulullah (sallallahu alayhi wasallam) a dit : \u00ab Embellissez &hellip;<\/p>\n","protected":false},"author":3,"featured_media":1102,"comment_status":"closed","ping_status":"open","sticky":false,"template":"","format":"standard","meta":{"footnotes":""},"categories":[30],"tags":[],"class_list":["post-2842","post","type-post","status-publish","format-standard","has-post-thumbnail","","category-salawaat"],"_links":{"self":[{"href":"https:\/\/fr.alislaam.com\/index.php?rest_route=\/wp\/v2\/posts\/2842","targetHints":{"allow":["GET"]}}],"collection":[{"href":"https:\/\/fr.alislaam.com\/index.php?rest_route=\/wp\/v2\/posts"}],"about":[{"href":"https:\/\/fr.alislaam.com\/index.php?rest_route=\/wp\/v2\/types\/post"}],"author":[{"embeddable":true,"href":"https:\/\/fr.alislaam.com\/index.php?rest_route=\/wp\/v2\/users\/3"}],"replies":[{"embeddable":true,"href":"https:\/\/fr.alislaam.com\/index.php?rest_route=%2Fwp%2Fv2%2Fcomments&post=2842"}],"version-history":[{"count":1,"href":"https:\/\/fr.alislaam.com\/index.php?rest_route=\/wp\/v2\/posts\/2842\/revisions"}],"predecessor-version":[{"id":2843,"href":"https:\/\/fr.alislaam.com\/index.php?rest_route=\/wp\/v2\/posts\/2842\/revisions\/2843"}],"wp:featuredmedia":[{"embeddable":true,"href":"https:\/\/fr.alislaam.com\/index.php?rest_route=\/wp\/v2\/media\/1102"}],"wp:attachment":[{"href":"https:\/\/fr.alislaam.com\/index.php?rest_route=%2Fwp%2Fv2%2Fmedia&parent=2842"}],"wp:term":[{"taxonomy":"category","embeddable":true,"href":"https:\/\/fr.alislaam.com\/index.php?rest_route=%2Fwp%2Fv2%2Fcategories&post=2842"},{"taxonomy":"post_tag","embeddable":true,"href":"https:\/\/fr.alislaam.com\/index.php?rest_route=%2Fwp%2Fv2%2Ftags&post=2842"}],"curies":[{"name":"wp","href":"https:\/\/api.w.org\/{rel}","templated":true}]}}